[{"@context":"https:\/\/schema.org\/","@type":"Article","@id":"https:\/\/www.byma.cz\/bydlete-stylove\/#Article","mainEntityOfPage":"https:\/\/www.byma.cz\/bydlete-stylove\/","headline":"Bydlete stylov\u011b!","name":"Bydlete stylov\u011b!","description":"Za prv\u00e9 \u2013 sv\u011btlo. V\u00a0dne\u0161n\u00ed dob\u011b jsou trendy prostorn\u00e9 a dob\u0159e osv\u011btlen\u00e9 m\u00edstnosti. S\u00a0v\u011bt\u0161\u00edmi okny tedy tak nikdy ne\u0161l\u00e1pnete vedle. Co ale d\u011blat, kdy\u017e v\u00e1m slun\u00ed\u010dko pere do o\u010d\u00ed a teplota se zvy\u0161uje? Po\u0159i\u010fte si venkovn\u00ed \u017ealuzie. Nav\u00edc je v\u00a0t\u00e9to dob\u011b mo\u017en\u00e1 dotace na \u017e\u00e1dost, tak\u017ee nav\u00edc u\u0161et\u0159\u00edte. Pokud jste n\u00e1ro\u010dn\u011bj\u0161\u00ed, m\u016f\u017eete si zakoupit \u017ealuzie [&hellip;]","datePublished":"2019-11-14","dateModified":"2023-06-08","author":{"@type":"Person","@id":"https:\/\/www.byma.cz\/author\/#Person","name":"","url":"https:\/\/www.byma.cz\/author\/","identifier":1,"image":{"@type":"ImageObject","@id":"https:\/\/secure.gravatar.com\/avatar\/a6945111a6684c356ffa2edea93eeeab9450e38d2439d8ecd0a625f734db9218?s=96&d=mm&r=g","url":"https:\/\/secure.gravatar.com\/avatar\/a6945111a6684c356ffa2edea93eeeab9450e38d2439d8ecd0a625f734db9218?s=96&d=mm&r=g","height":96,"width":96}},"publisher":{"@type":"Organization","name":"byma.cz","logo":{"@type":"ImageObject","@id":"\/logo.png","url":"\/logo.png","width":600,"height":60}},"image":{"@type":"ImageObject","@id":"https:\/\/www.byma.cz\/wp-content\/uploads\/img_a361720_w3278_t1574871215.jpg","url":"https:\/\/www.byma.cz\/wp-content\/uploads\/img_a361720_w3278_t1574871215.jpg","height":0,"width":0},"url":"https:\/\/www.byma.cz\/bydlete-stylove\/","about":["D\u016fm a byt"],"wordCount":410,"articleBody":"Za prv\u00e9 \u2013 sv\u011btlo. V\u00a0dne\u0161n\u00ed dob\u011b jsou trendy prostorn\u00e9 a dob\u0159e osv\u011btlen\u00e9 m\u00edstnosti. S\u00a0v\u011bt\u0161\u00edmi okny tedy tak nikdy ne\u0161l\u00e1pnete vedle. Co ale d\u011blat, kdy\u017e v\u00e1m slun\u00ed\u010dko pere do o\u010d\u00ed a teplota se zvy\u0161uje? Po\u0159i\u010fte si venkovn\u00ed \u017ealuzie. Nav\u00edc je v\u00a0t\u00e9to dob\u011b mo\u017en\u00e1 dotace na \u017e\u00e1dost, tak\u017ee nav\u00edc u\u0161et\u0159\u00edte. Pokud jste n\u00e1ro\u010dn\u011bj\u0161\u00ed, m\u016f\u017eete si zakoupit \u017ealuzie \u010di rolety na ovl\u00e1d\u00e1n\u00ed.Za druh\u00e9 \u2013 spojov\u00e1n\u00ed m\u00edstnost\u00ed. Velice obl\u00edbenou z\u00e1le\u017eitost\u00ed je propojov\u00e1n\u00ed ob\u00fdvac\u00edho pokoje s\u00a0kuchyn\u00ed, nebo nov\u011b i koupelny s\u00a0lo\u017enic\u00ed. Je to praktick\u00e9 a vzdu\u0161n\u00e9.Fotoobklady \u2013 Obklady s\u00a0fotografiemi, kter\u00e9 si m\u016f\u017eete zvolit. Daj\u00ed se d\u00e1t nejen do koupelny, ale i do ob\u00fdvac\u00edho pokoje \u010di pracovny. Nejsou okoukan\u00e9 a pro n\u00e1s, \u010cechy, novinkou.Zelen\u00e1 je dobr\u00e1 \u2013 Mo\u017en\u00e1 jste si v\u0161imli, \u017ee se v\u00a0posledn\u00ed dob\u011b roz\u0161\u00ed\u0159ilo pov\u011bdom\u00ed o ekologii a l\u00e1sce k\u00a0p\u0159\u00edrod\u011b. Na\u0161e matka p\u0159\u00edroda je \u00fa\u017easn\u00e1 a lze ji vyu\u017e\u00edt i v\u00a0bydlen\u00ed. Kv\u011btiny v\u00a0pokoj\u00edch jsou klasikou, ale objevuj\u00ed se i takzvan\u00e9 vertik\u00e1ln\u00ed zahrady, co\u017e jsou st\u011bny vytvo\u0159en\u00e9 pomoc\u00ed rostlin. Maj\u00ed blahod\u00e1rn\u00e9 psychick\u00e9 \u00fa\u010dinky, \u010dist\u00ed vzduch a zabra\u0148uj\u00ed ne\u017e\u00e1douc\u00edm vn\u011bj\u0161\u00edm vliv\u016fm.Obl\u00e9 tvary \u2013 Dost hran\u00e1m! V\u00a0m\u00f3d\u011b jsou zaoblen\u00e9 stoly, kobere\u010dky nebo lampy. Nep\u016fsob\u00ed tak p\u0159\u00edsn\u011b, ale sp\u00ed\u0161e uvoln\u011bn\u011b.Barvy \u2013 Pro leto\u0161ek byla zvolen\u00e1 kor\u00e1lov\u00e1, kter\u00e1 o\u017eiv\u00ed ka\u017ed\u00fd interi\u00e9r.B\u00edl\u00e1. Tu m\u016f\u017eete uplatnit v\u0161ude, jen ne v\u00a0kuchyn\u00edch. Tam toti\u017e dominuj\u00ed tmav\u00e9 barvy a zlat\u00e9 dopl\u0148ky (d\u0159ezy).Kdy\u017e jsme mluvili o sjednocov\u00e1n\u00ed pokoj\u016f, je pot\u0159eba je n\u011bjak rozli\u0161it. To lze ud\u011blat pomoc\u00ed barev, nebo nast\u00edn\u011bn\u00ed sv\u011btla. Kdy\u017e barevn\u011b odli\u0161\u00edte kuchy\u0148 od ob\u00fdv\u00e1ku, bude to vypadat rozhodn\u011b zaj\u00edmav\u011bji, a ne tak nudn\u011b a oby\u010dejn\u011b.Matn\u00e1 \u010dern\u00e1 \u2013 efektn\u00ed, dramatick\u00e1, a nav\u00edc se dob\u0159e kombinuje.P\u0159\u00edroda \u2013 Asi nikdy nep\u0159estalo b\u00fdt v\u00a0kurzu d\u0159evo. To se ani tentokr\u00e1t nem\u011bn\u00ed. In jsou tak\u00e9 p\u0159\u00edrodn\u00ed prvky a celkov\u011b udr\u017eitelnost.Art deco \u2013 Dopl\u0148ky inspirovan\u00e9\u00a0v\u00fdtvarn\u00fdm um\u011bn\u00edm, kter\u00e9 jsou stylov\u00e9 a o\u017eivuj\u00ed stereotyp.                                                                                                                                                                                                                                                                                                                                                                                                "},{"@context":"https:\/\/schema.org\/","@type":"BreadcrumbList","itemListElement":[{"@type":"ListItem","position":1,"name":"Bydlete stylov\u011b!","item":"https:\/\/www.byma.cz\/bydlete-stylove\/#breadcrumbitem"}]}]