[{"@context":"https:\/\/schema.org\/","@type":"Article","@id":"https:\/\/www.byma.cz\/ma-zvetsovani-smartphonu-vubec-nejake-meze\/#Article","mainEntityOfPage":"https:\/\/www.byma.cz\/ma-zvetsovani-smartphonu-vubec-nejake-meze\/","headline":"M\u00e1 zv\u011bt\u0161ov\u00e1n\u00ed smartphon\u016f v\u016fbec n\u011bjak\u00e9 meze?","name":"M\u00e1 zv\u011bt\u0161ov\u00e1n\u00ed smartphon\u016f v\u016fbec n\u011bjak\u00e9 meze?","description":"Pamatuju si den, kdy jsem na internetu vid\u011bl vtipn\u00fd obr\u00e1zek o v\u00fdvoji telefon\u016f. Za\u010d\u00ednaly jako obrovsk\u00e9 krabice, ke kter\u00fdm jste pot\u0159ebovali popruh p\u0159es rameno, abyste je v\u016fbec unesli. Pot\u00e9 se postupn\u011b zmen\u0161ovalo. Pak p\u0159i\u0161ly modely Siemens velk\u00e9 asi jako cihla. S charakteristickou vytahovac\u00ed ant\u00e9nou a v\u00fdklopn\u00fdm v\u00edkem, kter\u00e9 krylo kl\u00e1vesnici. Tehdy, mi byly 4 roky, [&hellip;]","datePublished":"2019-06-01","dateModified":"2023-06-08","author":{"@type":"Person","@id":"https:\/\/www.byma.cz\/author\/#Person","name":"","url":"https:\/\/www.byma.cz\/author\/","identifier":1,"image":{"@type":"ImageObject","@id":"https:\/\/secure.gravatar.com\/avatar\/a6945111a6684c356ffa2edea93eeeab9450e38d2439d8ecd0a625f734db9218?s=96&d=mm&r=g","url":"https:\/\/secure.gravatar.com\/avatar\/a6945111a6684c356ffa2edea93eeeab9450e38d2439d8ecd0a625f734db9218?s=96&d=mm&r=g","height":96,"width":96}},"publisher":{"@type":"Organization","name":"byma.cz","logo":{"@type":"ImageObject","@id":"\/logo.png","url":"\/logo.png","width":600,"height":60}},"image":{"@type":"ImageObject","@id":"https:\/\/www.byma.cz\/wp-content\/uploads\/img_a346703_w2297_t1561025293.jpg","url":"https:\/\/www.byma.cz\/wp-content\/uploads\/img_a346703_w2297_t1561025293.jpg","height":0,"width":0},"url":"https:\/\/www.byma.cz\/ma-zvetsovani-smartphonu-vubec-nejake-meze\/","wordCount":379,"articleBody":"Pamatuju si den, kdy jsem na internetu vid\u011bl vtipn\u00fd obr\u00e1zek o v\u00fdvoji telefon\u016f. Za\u010d\u00ednaly jako obrovsk\u00e9 krabice, ke kter\u00fdm jste pot\u0159ebovali popruh p\u0159es rameno, abyste je v\u016fbec unesli. Pot\u00e9 se postupn\u011b zmen\u0161ovalo. Pak p\u0159i\u0161ly modely Siemens velk\u00e9 asi jako cihla. S charakteristickou vytahovac\u00ed ant\u00e9nou a v\u00fdklopn\u00fdm v\u00edkem, kter\u00e9 krylo kl\u00e1vesnici. Tehdy, mi byly 4 roky, kdy\u017e moje maminka donesla jeden takov\u00fd kousek dom\u016f a dodnes si pamatuju jeho vyzv\u00e1n\u011bn\u00ed. Pak se d\u00e1le zmen\u0161ovalo, p\u0159i\u0161ly prvn\u00ed mali\u010dk\u00e9 \u010dernob\u00edl\u00e9 displeje. P\u0159i\u0161la nezni\u010diteln\u00e1 Nokia 3310, pak barevn\u00fd Sony Ericsson a neust\u00e1le se zmen\u0161ovalo. Pak \u010dlov\u011bk zjistil, \u017ee na telefonech se daj\u00ed sledovat filmy pro dosp\u011bl\u00e9. A tak se za\u010dalo najednou zv\u011bt\u0161ovat. A\u017e dodnes, kdy je samoz\u0159ejmost\u00ed 6palcov\u00fd bezr\u00e1me\u010dkov\u00fd displej s FullHD rozli\u0161en\u00edm.&#13; Jsem vlastn\u00edkem telefonu o velikosti 5 palc\u016f a u\u017e tak m\u00e1m velk\u00e9 probl\u00e9my s t\u00edm str\u010dit ho do kapsy nebo kamkoliv jinam. Nedovedu si p\u0159edstavit, kam a\u017e to p\u0159i dne\u0161n\u00edm trendu r\u016fstu displej\u016f dojde.&#13; Hledal jsem mal\u00fd kompaktn\u00ed smartphone nejl\u00e9pe tak, aby padl perfektn\u011b do ruky a na\u0161el jsem jenom jeden. A to klasiku od Applu IPhone SE. Pokud m\u00e1te stejn\u00e9 touhy po mal\u00e9 velikosti tak, jako j\u00e1, doporu\u010duji v\u00e1\u017en\u011b nad t\u00edmto modelem p\u0159em\u00fd\u0161let. V\u00fdkonu m\u00e1 na rozd\u00e1v\u00e1n\u00ed a do kapsy se vejde cel\u00fd. Ano, opravdu cel\u00fd, nevym\u00fd\u0161l\u00edm si.&#13; Tento fakt n\u00e1s nut\u00ed se zamyslet. Do velk\u00fdch smartphon\u016f se ur\u010dit\u011b vejde hodn\u011b funkc\u00ed nav\u00edc. Ov\u0161em k \u010demu je \u010dlov\u011bku 6palcov\u00fd t\u011b\u017ek\u00fd telefon, kter\u00fd u\u017e rozhodn\u011b nepln\u00ed svou funkci p\u0159enosnosti a jenom t\u00ed\u017e\u00ed kapsu v\u0161ude, kam s n\u00edm jdete. Tedy, pokud se do n\u011bjak\u00e9 je\u0161t\u011b vejde. Neupou\u0161t\u00ed se od p\u016fvodn\u00ed ideje, \u017ee spojen\u00ed se sv\u011btem by m\u011blo b\u00fdt tak mal\u00e9, abyste ho mohli st\u00e1le bez pot\u00ed\u017e\u00ed nosit p\u0159i sob\u011b?&#13; Kde je vlastn\u011b hranice mezi telefonem a tabletem? A nesplynou v budoucnu p\u0159i dne\u0161n\u00edm trendu tyto dv\u011b kategorie v jednu jedinou?                                                                                                                                                                                                                                                                                                                                                                                                "},{"@context":"https:\/\/schema.org\/","@type":"BreadcrumbList","itemListElement":[{"@type":"ListItem","position":1,"name":"M\u00e1 zv\u011bt\u0161ov\u00e1n\u00ed smartphon\u016f v\u016fbec n\u011bjak\u00e9 meze?","item":"https:\/\/www.byma.cz\/ma-zvetsovani-smartphonu-vubec-nejake-meze\/#breadcrumbitem"}]}]