[{"@context":"https:\/\/schema.org\/","@type":"Article","@id":"https:\/\/www.byma.cz\/moda-do-prace-hlavne-pohodlne\/#Article","mainEntityOfPage":"https:\/\/www.byma.cz\/moda-do-prace-hlavne-pohodlne\/","headline":"M\u00f3da do pr\u00e1ce \u2013 hlavn\u011b pohodln\u011b","name":"M\u00f3da do pr\u00e1ce \u2013 hlavn\u011b pohodln\u011b","description":"Pokud nemus\u00edte v\u00a0pr\u00e1ci dodr\u017eovat p\u0159edepsan\u00fd od\u011bv, jako je t\u0159eba uniforma, pak se ur\u010dit\u011b sna\u017e\u00edte vypadat v\u00a0pr\u00e1ci co nejl\u00e9pe a p\u0159edv\u00e9st se p\u0159ed ostatn\u00edmi. D\u016fle\u017eit\u00e9 je ale c\u00edtit se p\u0159edev\u0161\u00edm pohodln\u011b. Jak tyto dv\u011b v\u011bci skloubit a co nosit do pr\u00e1ce, abyste byla in, a z\u00e1rove\u0148 se c\u00edtila pohodln\u011b? M\u00f3da do zam\u011bstn\u00e1n\u00ed nezt\u011bles\u0148uje nekone\u010dn\u00e9 varianty nudn\u00fdch [&hellip;]","datePublished":"2019-03-28","dateModified":"2019-03-28","author":{"@type":"Person","@id":"https:\/\/www.byma.cz\/author\/#Person","name":"","url":"https:\/\/www.byma.cz\/author\/","identifier":1,"image":{"@type":"ImageObject","@id":"https:\/\/secure.gravatar.com\/avatar\/a6945111a6684c356ffa2edea93eeeab9450e38d2439d8ecd0a625f734db9218?s=96&d=mm&r=g","url":"https:\/\/secure.gravatar.com\/avatar\/a6945111a6684c356ffa2edea93eeeab9450e38d2439d8ecd0a625f734db9218?s=96&d=mm&r=g","height":96,"width":96}},"publisher":{"@type":"Organization","name":"byma.cz","logo":{"@type":"ImageObject","@id":"\/logo.png","url":"\/logo.png","width":600,"height":60}},"image":{"@type":"ImageObject","@id":"https:\/\/www.byma.cz\/wp-content\/uploads\/img_a345398_w2431_t1559059658.jpg","url":"https:\/\/www.byma.cz\/wp-content\/uploads\/img_a345398_w2431_t1559059658.jpg","height":0,"width":0},"url":"https:\/\/www.byma.cz\/moda-do-prace-hlavne-pohodlne\/","wordCount":424,"articleBody":"Pokud nemus\u00edte v\u00a0pr\u00e1ci dodr\u017eovat p\u0159edepsan\u00fd od\u011bv, jako je t\u0159eba uniforma, pak se ur\u010dit\u011b sna\u017e\u00edte vypadat v\u00a0pr\u00e1ci co nejl\u00e9pe a p\u0159edv\u00e9st se p\u0159ed ostatn\u00edmi. D\u016fle\u017eit\u00e9 je ale c\u00edtit se p\u0159edev\u0161\u00edm pohodln\u011b. Jak tyto dv\u011b v\u011bci skloubit a co nosit do pr\u00e1ce, abyste byla in, a z\u00e1rove\u0148 se c\u00edtila pohodln\u011b?M\u00f3da do zam\u011bstn\u00e1n\u00ed nezt\u011bles\u0148uje nekone\u010dn\u00e9 varianty nudn\u00fdch kost\u00fdmk\u016f a ko\u0161il\u00ed. Dnes \u017eeny hod\u00ed do pr\u00e1ce oble\u010den\u00e9 dle vlastn\u00edho p\u0159\u00e1n\u00ed a vlastn\u00edch preferenc\u00ed.Form\u00e1ln\u00ed m\u00f3da do pr\u00e1ce u\u017e tak\u00e9 nen\u00ed jen o kost\u00fdmku, ale m\u016f\u017eete zvolit t\u0159eba kalhoty a halenku, nebo svetr. Nerezignujte ale na eleganci, ta je d\u016fle\u017eit\u00e1. Tmav\u00e9 kalhoty se ostatn\u011b daj\u00ed kombinovat s\u00a0libovoln\u00fdm topem, a\u0165 u\u017e zvol\u00edte halenku ve sv\u011btl\u00e9 barv\u011b nebo t\u0159eba tmav\u0161\u00ed tuniku. P\u0159idat m\u016f\u017eete klidn\u011b s\u00e1\u010dko a barevn\u00fd \u0161\u00e1tek aby v\u00e1\u0161 vzhled o\u017eivil.Nebojte se vz\u00edt si do pr\u00e1ce d\u017e\u00edny, je ale pot\u0159eba dodr\u017eet ur\u010dit\u00e1 pravidla. P\u0159edev\u0161\u00edm z\u00e1le\u017e\u00ed, kde pracujete, u n\u011bkter\u00fdch profes\u00ed to je p\u0159\u00edpustn\u00e9 a u jin\u00fdch probl\u00e9m. D\u017e\u00edny by nem\u011bly b\u00fdt opran\u00e9, ani jinak zdoben\u00e9. K\u00a0d\u017e\u00edn\u016fm byste m\u011bla zvolit elegantn\u011bj\u0161\u00ed svr\u0161ek, tak abyste nep\u016fsobila jako sportovec. D\u016fle\u017eit\u00e1 je tak\u00e9 vhodn\u00e1 obuv, kombinovat m\u016f\u017eete klidn\u011b lodi\u010dky nebo baler\u00edny.Pokud m\u00e1te sv\u016fj obl\u00edben\u00fd styl a nechcete se jej vzd\u00e1t, m\u016f\u017eete u\u010dinit aspo\u0148 kompromis. V\u00a0pracovn\u00edm prost\u0159ed\u00ed se mus\u00edte c\u00edtit dob\u0159e a b\u00fdt v\u00a0pohod\u011b, proto bu\u010fte hlavn\u011b sama s\u00a0sebou. Dejte si ale pozor na p\u0159\u00edli\u0161nou vyz\u00fdvavost. To nejhor\u0161\u00ed, co jsem v\u00a0pr\u00e1ci za\u017eila, byla kolegyn\u011b, kter\u00e1 nosila neust\u00e1le extr\u00e9mn\u011b kr\u00e1tk\u00e9 sukn\u011b, ze kter\u00fdch j\u00ed lezl zadek, nebo pr\u016fsvitn\u00e9 kalhoty a pod n\u011b tmav\u00e9 tanga. Tak takhle by to opravdu vypadat nem\u011blo. Krom toho, \u017ee v\u00e1s nikdo nebude br\u00e1t v\u00e1\u017en\u011b, budou si z\u00a0v\u00e1s kolegov\u00e9 je\u0161t\u011b utahovat.Dbejte na pohodl\u00ed, pokud v\u00e1m nejsou p\u0159\u00edjemn\u00e9 kalhoty s\u00a0vysok\u00fdm pasem, prost\u011b je nenoste. Pokud v\u00e1m nejsou pohodln\u00e9 halenky, volte klidn\u011b del\u0161\u00ed tuniky, nebo \u0161aty. U t\u011bch ale v\u00e1\u017en\u011b dbejte na d\u00e9lku.\u00a0                                                                                                                                                                                                                                                                                                                                                                                                "},{"@context":"https:\/\/schema.org\/","@type":"BreadcrumbList","itemListElement":[{"@type":"ListItem","position":1,"name":"M\u00f3da do pr\u00e1ce \u2013 hlavn\u011b pohodln\u011b","item":"https:\/\/www.byma.cz\/moda-do-prace-hlavne-pohodlne\/#breadcrumbitem"}]}]