[{"@context":"https:\/\/schema.org\/","@type":"Article","@id":"https:\/\/www.byma.cz\/vyuziti-zahrady-v-lete\/#Article","mainEntityOfPage":"https:\/\/www.byma.cz\/vyuziti-zahrady-v-lete\/","headline":"Vyu\u017eit\u00ed zahrady v l\u00e9t\u011b","name":"Vyu\u017eit\u00ed zahrady v l\u00e9t\u011b","description":"L\u00e9to, slun\u00ed\u010dko, pr\u00e1zdniny. To v\u0161echno jsou slova, d\u00edky kter\u00fdm se ka\u017ed\u00e9 d\u00edt\u011b t\u011b\u0161\u00ed, a\u017e mu skon\u010d\u00ed \u0161koln\u00ed povinnosti a za\u010dne \u010das na z\u00e1bavu. Samoz\u0159ejm\u011b, \u017ee si pod slovem \u201ez\u00e1bava\u201c p\u0159estavuje ka\u017ed\u00fd n\u011bco odli\u0161n\u00e9ho, av\u0161ak letos je to bohu\u017eel kv\u016fli koronaviru pon\u011bkud zvl\u00e1\u0161tn\u00ed, jeliko\u017e rodinn\u00e9 dovolen\u00e9 u mo\u0159e jsou m\u00edrn\u011b \u0159e\u010deno nedoporu\u010dov\u00e1ny, a to kv\u016fli mo\u017en\u00e9 [&hellip;]","datePublished":"2020-06-20","dateModified":"2023-06-08","author":{"@type":"Person","@id":"https:\/\/www.byma.cz\/author\/#Person","name":"","url":"https:\/\/www.byma.cz\/author\/","identifier":1,"image":{"@type":"ImageObject","@id":"https:\/\/secure.gravatar.com\/avatar\/a6945111a6684c356ffa2edea93eeeab9450e38d2439d8ecd0a625f734db9218?s=96&d=mm&r=g","url":"https:\/\/secure.gravatar.com\/avatar\/a6945111a6684c356ffa2edea93eeeab9450e38d2439d8ecd0a625f734db9218?s=96&d=mm&r=g","height":96,"width":96}},"publisher":{"@type":"Organization","name":"byma.cz","logo":{"@type":"ImageObject","@id":"\/logo.png","url":"\/logo.png","width":600,"height":60}},"image":{"@type":"ImageObject","@id":"https:\/\/www.byma.cz\/wp-content\/uploads\/rodinn%C3%BD%20d%C5%AFm%20se%20zahradou.jpeg","url":"https:\/\/www.byma.cz\/wp-content\/uploads\/rodinn%C3%BD%20d%C5%AFm%20se%20zahradou.jpeg","height":0,"width":0},"url":"https:\/\/www.byma.cz\/vyuziti-zahrady-v-lete\/","about":["Zdrav\u00ed"],"wordCount":457,"articleBody":"    L\u00e9to, slun\u00ed\u010dko, pr\u00e1zdniny. To v\u0161echno jsou slova, d\u00edky kter\u00fdm se ka\u017ed\u00e9 d\u00edt\u011b t\u011b\u0161\u00ed, a\u017e mu skon\u010d\u00ed \u0161koln\u00ed povinnosti a za\u010dne \u010das na z\u00e1bavu. Samoz\u0159ejm\u011b, \u017ee si pod slovem \u201ez\u00e1bava\u201c p\u0159estavuje ka\u017ed\u00fd n\u011bco odli\u0161n\u00e9ho, av\u0161ak letos je to bohu\u017eel kv\u016fli koronaviru pon\u011bkud zvl\u00e1\u0161tn\u00ed, jeliko\u017e rodinn\u00e9 dovolen\u00e9 u mo\u0159e jsou m\u00edrn\u011b \u0159e\u010deno nedoporu\u010dov\u00e1ny, a to kv\u016fli mo\u017en\u00e9 n\u00e1kaze.Nem\u00e1 v\u0161ak v \u017e\u00e1dn\u00e9m p\u0159\u00edpad\u011b cenu \u0159e\u0161it, pro\u010d tomu tak je, a kdo za to m\u016f\u017ee, jeliko\u017e mnohem lep\u0161\u00ed je p\u0159em\u00fd\u0161let nad t\u00edm, co v\u0161echno ud\u011blat pro to, aby d\u011bti netrp\u011bly. Samoz\u0159ejm\u011b, \u017ee i ony samy jsou si v\u011bdomy toho, \u017ee sou\u010dasn\u00e1 doba nen\u00ed lehk\u00e1, av\u0161ak zabavit je tak\u00e9 lehk\u00e9 nen\u00ed. Je tak tedy vhodn\u00e9 p\u0159em\u00fd\u0161let nad t\u00edm, jak\u00e9 mo\u017en\u00e9 aktivity s nimi podniknout, jeliko\u017e d\u00edky tomu dojde ke spojen\u00ed p\u0159\u00edjemn\u00e9ho s u\u017eite\u010dn\u00fdm. V\u0161ichni se n\u011bkam pod\u00edv\u00e1te, u\u017eijete si v\u00fdlet spole\u010dn\u011b, a ur\u010dit\u011b se nikdo z v\u00e1s nebude nudit.Na druhou stranu je v\u0161ak mo\u017en\u00e9, \u017ee va\u0161e finan\u010dn\u00ed mo\u017enosti nejsou zas tak dobr\u00e9, jak by se na prvn\u00ed pohled mohlo zd\u00e1t, av\u0161ak i v tomto p\u0159\u00edpad\u011b existuje v\u011bc, kter\u00e1 jist\u011b v\u00e1\u0161 probl\u00e9m vy\u0159e\u0161\u00ed. V\u00fdborn\u00fdm n\u00e1padem je tak tedy koup\u011b d\u011btsk\u00e9 trampol\u00edny, d\u00edky kter\u00e9 si va\u0161e d\u011bti jist\u011b u\u017eij\u00ed spoustu z\u00e1bavy. Skv\u011bl\u00e9 je na tom tak\u00e9 to, \u017ee si m\u016f\u017eete vybrat z r\u016fzn\u00fdch velikost\u00ed, tak\u017ee se v \u017e\u00e1dn\u00e9m p\u0159\u00edpad\u011b nemus\u00edte ob\u00e1vat toho, \u017ee by se v\u00e1m toto za\u0159\u00edzen\u00ed neve\u0161lo na zahradu.Je tak tedy vid\u011bt, \u017ee ka\u017ed\u00e1 situace, do n\u00ed\u017e se v r\u00e1mci \u017eivota dostaneme, m\u00e1 sv\u00e9 spr\u00e1vn\u00e9 \u0159e\u0161en\u00ed, a to i p\u0159es to, \u017ee si \u010dasto mysl\u00edme, \u017ee nen\u00ed mo\u017en\u00e9, abychom p\u0159i\u0161li na n\u011bco, co n\u00e1m vyhovuje. Ob\u010das prost\u011b sta\u010d\u00ed si trochu v\u00edce v\u011b\u0159it, jeliko\u017e ka\u017ed\u00fd z n\u00e1s m\u00e1 na to, aby p\u0159ekonal t\u011b\u017ek\u00e9 \u017eivotn\u00ed p\u0159ek\u00e1\u017eky, av\u0161ak mus\u00ed o tom b\u00fdt on s\u00e1m p\u0159esv\u011bd\u010den, a hlavn\u011b mus\u00ed m\u00edt chu\u0165 na jejich p\u0159ekon\u00e1v\u00e1n\u00ed. Berte tak tedy \u017eivot jako prostor na z\u00e1bavu, jeliko\u017e nikdo z n\u00e1s by nem\u011bl d\u011blat to, co ho nebav\u00ed, nebo to, do \u010deho se mu nechce.                                                                                                                                                                                                                                                                                                                                                                                                 "},{"@context":"https:\/\/schema.org\/","@type":"BreadcrumbList","itemListElement":[{"@type":"ListItem","position":1,"name":"Vyu\u017eit\u00ed zahrady v l\u00e9t\u011b","item":"https:\/\/www.byma.cz\/vyuziti-zahrady-v-lete\/#breadcrumbitem"}]}]