[{"@context":"https:\/\/schema.org\/","@type":"Article","@id":"https:\/\/www.byma.cz\/zebricek-nejvydelecnejsich-firem-v-cr\/#Article","mainEntityOfPage":"https:\/\/www.byma.cz\/zebricek-nejvydelecnejsich-firem-v-cr\/","headline":"\u017deb\u0159\u00ed\u010dek nejv\u00fdd\u011ble\u010dn\u011bj\u0161\u00edch firem v \u010cR","name":"\u017deb\u0159\u00ed\u010dek nejv\u00fdd\u011ble\u010dn\u011bj\u0161\u00edch firem v \u010cR","description":"Na za\u010d\u00e1tku \u010dl\u00e1nku je t\u0159eba podotknout, \u017ee je zde br\u00e1no v potaz posledn\u00ed \u00fa\u010detn\u00ed obdob\u00ed, za kter\u00e9 jsme cel\u00fd rok podnikali. Krit\u00e9riem jsou \u010dist\u00e9 v\u00fdnosy u finan\u010dn\u00edch instituc\u00ed, a naopak eventu\u00e1ln\u00ed tr\u017eby dce\u0159in\u00fdch zahrani\u010dn\u00edch spole\u010dnost\u00ed jsou zahrnuty u konsolidovan\u00fdch celk\u016f. Kdy\u017e nastane situace, \u017ee se hospod\u00e1\u0159sk\u00fd rok firmy li\u0161\u00ed od kalend\u00e1\u0159n\u00edho roku, jsou zde zm\u00edn\u011bn\u00e9 [&hellip;]","datePublished":"2020-03-13","dateModified":"2023-06-08","author":{"@type":"Person","@id":"https:\/\/www.byma.cz\/author\/#Person","name":"","url":"https:\/\/www.byma.cz\/author\/","identifier":1,"image":{"@type":"ImageObject","@id":"https:\/\/secure.gravatar.com\/avatar\/a6945111a6684c356ffa2edea93eeeab9450e38d2439d8ecd0a625f734db9218?s=96&d=mm&r=g","url":"https:\/\/secure.gravatar.com\/avatar\/a6945111a6684c356ffa2edea93eeeab9450e38d2439d8ecd0a625f734db9218?s=96&d=mm&r=g","height":96,"width":96}},"publisher":{"@type":"Organization","name":"byma.cz","logo":{"@type":"ImageObject","@id":"\/logo.png","url":"\/logo.png","width":600,"height":60}},"image":{"@type":"ImageObject","@id":"https:\/\/www.byma.cz\/wp-content\/uploads\/img_a372523_w4361_t1583992693.jpg","url":"https:\/\/www.byma.cz\/wp-content\/uploads\/img_a372523_w4361_t1583992693.jpg","height":0,"width":0},"url":"https:\/\/www.byma.cz\/zebricek-nejvydelecnejsich-firem-v-cr\/","about":["Firmy"],"wordCount":416,"articleBody":"Na za\u010d\u00e1tku \u010dl\u00e1nku je t\u0159eba podotknout, \u017ee je zde br\u00e1no v potaz posledn\u00ed \u00fa\u010detn\u00ed obdob\u00ed, za kter\u00e9 jsme cel\u00fd rok podnikali. Krit\u00e9riem jsou \u010dist\u00e9 v\u00fdnosy u finan\u010dn\u00edch instituc\u00ed, a naopak eventu\u00e1ln\u00ed tr\u017eby dce\u0159in\u00fdch zahrani\u010dn\u00edch spole\u010dnost\u00ed jsou zahrnuty u konsolidovan\u00fdch celk\u016f. Kdy\u017e nastane situace, \u017ee se hospod\u00e1\u0159sk\u00fd rok firmy li\u0161\u00ed od kalend\u00e1\u0159n\u00edho roku, jsou zde zm\u00edn\u011bn\u00e9 tr\u017eby za rok hospod\u00e1\u0159sk\u00fd, v&nbsp;n\u011bm\u017e je nejv\u00edce m\u011bs\u00edc\u016f z toho kalend\u00e1\u0159n\u00edho. \u017deb\u0159\u00ed\u010dek n\u00ed\u017ee se bude tedy zaob\u00edrat spole\u010dnostmi, kter\u00e9 maj\u00ed p\u011bt nejvy\u0161\u0161\u00edch tr\u017eeb za rok 2017.1. \u0160KODA AUTO a.s. &ndash; 407,4 mld. K\u010d&nbsp;&nbsp;&nbsp; Nejv\u011bt\u0161\u00ed automobilov\u00fd v\u00fdrobce v&nbsp;\u010cesk\u00e9 republice. Nejv\u011bt\u0161\u00ed v\u00fdrobn\u00ed z\u00e1vod a z\u00e1rove\u0148 s\u00eddlo se nach\u00e1z\u00ed v&nbsp;Mlad\u00e9 Boleslavi. Jedn\u00e1 se tedy o firmu s&nbsp;nejvy\u0161\u0161\u00edmi tr\u017ebami, a to nejen za rok 2017, ale dokonce za posledn\u00edch minim\u00e1ln\u011b 5 let zp\u00e1tky.2. \u010cEZ, a.s. &ndash; 201,9 mld. K\u010d&nbsp;&nbsp;&nbsp; Jedn\u00e1 se o nejv\u011bt\u0161\u00edho v\u00fdrobce elekt\u0159iny v&nbsp;\u010cR. Sdru\u017euje v\u0161ak dal\u0161\u00ed des\u00edtky spole\u010dnost\u00ed d\u00edky mate\u0159sk\u00e9 spole\u010dnosti Skupina \u010cEZ. Je druh\u00fdm nejv\u011bt\u0161\u00edm zam\u011bstnavatelem v&nbsp;\u010cesk\u00e9 republice, proto\u017ee prvn\u00ed je firma \u0160KODA AUTO a.s., kter\u00e1 i v&nbsp;tomto \u017eeb\u0159\u00ed\u010dku na prvn\u00edm m\u00edst\u011b figuruje.3. AGROFERT, a.s. &ndash; 155,1 mld. K\u010d&nbsp;&nbsp;&nbsp; Tento holdingov\u00fd konglomer\u00e1t zab\u00fdvaj\u00edc\u00ed se p\u0159edev\u0161\u00edm zem\u011bd\u011blstv\u00edm, potravin\u00e1\u0159stv\u00edm, chemick\u00fdm pr\u016fmyslem a m\u00e9dii. Pat\u0159\u00ed pod n\u011bj v\u00edce ne\u017e dv\u011b st\u011b pades\u00e1t dce\u0159in\u00fdch spole\u010dnost\u00ed.4. Energetick\u00fd a pr\u016fmyslov\u00fd holding, a.s. &ndash; 153,4 mld. K\u010d&nbsp;&nbsp;&nbsp; Sdru\u017euje kolem pades\u00e1ti spole\u010dnost\u00ed v&nbsp;Evrop\u011b a pokr\u00fdv\u00e1 cel\u00fd hodnotov\u00fd \u0159et\u011bzec. To znamen\u00e1 od t\u011b\u017eby hn\u011bd\u00e9ho uhl\u00ed, p\u0159es v\u00fdrobu tepla a elekt\u0159iny a\u017e po jejich distribuci.5. ALPIQ ENERGY SE &ndash; 139,2 mld. K\u010d&nbsp;&nbsp;&nbsp; Tato spole\u010dnost m\u00e1 sv\u00e9 s\u00eddlo ve \u0160v\u00fdcarsku, ale i p\u0159esto je v&nbsp;na\u0161\u00ed tabulce, a to d\u00edky tomu, \u017ee krom\u011b \u0160v\u00fdcarska a dal\u0161\u00edch zem\u00ed v&nbsp;Evrop\u011b vlastn\u00ed elektr\u00e1rnu s celkov\u00fdm instalovan\u00fdm v\u00fdkonem 6 441 MW i v&nbsp;\u010cesk\u00e9 republice&nbsp;                                                                                                                                                                                                                                                                                                                                                                                                "},{"@context":"https:\/\/schema.org\/","@type":"BreadcrumbList","itemListElement":[{"@type":"ListItem","position":1,"name":"\u017deb\u0159\u00ed\u010dek nejv\u00fdd\u011ble\u010dn\u011bj\u0161\u00edch firem v \u010cR","item":"https:\/\/www.byma.cz\/zebricek-nejvydelecnejsich-firem-v-cr\/#breadcrumbitem"}]}]